{"id":119490,"date":"2026-04-30T06:34:13","date_gmt":"2026-04-30T09:34:13","guid":{"rendered":"http:\/\/moneyja.com.br\/?p=119490"},"modified":"2026-08-11T13:15:05","modified_gmt":"2026-08-11T16:15:05","slug":"plaza-de-toros-de-granada-por-que-la-llaman-7-2","status":"publish","type":"post","link":"https:\/\/moneyja.com.br\/?p=119490","title":{"rendered":"Plaza de toros de Granada: \u00bfpor qu\u00e9 la llaman Monumental de Frascuelo?"},"content":{"rendered":"<div id=\"toc\" style=\"background: #f9f9f9;border: 1px solid #aaa;display: table;margin-bottom: 1em;padding: 1em;width: 350px;\">\n<p class=\"toctitle\" style=\"font-weight: 700;text-align: center;\">Content<\/p>\n<ul class=\"toc_list\">\n<li><a href=\"#toc-0\">Elementos culturales y simb\u00f3licos<\/a><\/li>\n<li><a href=\"#toc-1\">Ficha de la plaza de toros de Granada<\/a><\/li>\n<li><a href=\"#toc-2\">Residencia Sanitaria Virgen de las Nieves<\/a><\/li>\n<li><a href=\"#toc-4\">Corridas y fiestas taurinas<\/a><\/li>\n<\/ul>\n<\/div>\n<p>Fue construida por el arquitecto \u00c1ngel Casas en un estilo neomud\u00e9jar con arcos de medio punto y de herradura. La plaza de toros de Granada es conocida como la Monumental del Frascuelo, fue construida en 1928 y es la tercera plaza de toros que tiene Granada. M\u00e1s all\u00e1 de las corridas de toros, hay otros actos que completan el cartel de la plaza de toros de Granada. Con este cartel, la plaza de toros de Granada acoger\u00e1 un total de cuatro tardes de \u00abla fiesta m\u00e1s culta del mundo\u00bb, tal y como dijo el poeta granadino Federico Garc\u00eda Lorca.<\/p>\n<h2 id=\"toc-0\">Elementos culturales y simb\u00f3licos<\/h2>\n<p>La plaza de toros de Granada, Monumental de Frascuelo, se encuentra en la Calle Dr. Ol\u00f3riz, delimitada por otras calles con nombre de doctores, y muy cerca de varios centros hospitalarios. Fue construida en el a\u00f1o 1928 por Lagartijo Chico, y su nombre se debe a Frascuelo, uno de los toreros m\u00e1s emblem\u00e1ticos de la \u00e9poca. La provincia de Granada tambi\u00e9n conserva un diversas plazas de toros con mucho encanto tales como la plaza de toros de Atarfe, Baza, Motril, donde cada a\u00f1o se celebran festejos de gran arraigo popular. Con m\u00e1s de 500 a\u00f1os de historia, son las fiestas mayores de la ciudad en las que el ambiente de feria se puede vivir durante todo el d\u00eda, cuando se celebra una gran cantidad de acontecimientos culturales, entre los que destacan las fiestas taurinas.<\/p>\n<h3 id=\"toc-1\">Ficha de la plaza de toros de Granada<\/h3>\n<p>La Feria del Corpus Christi es la mayor fiesta de Granada , con una duraci\u00f3n de dos semanas en las que la ciudad se viste de gala. Entradas de toros para la Feria del Corpus de Granada Los toros en Granada son una pasi\u00f3n que forma parte de la cultura y la historia de la ciudad, y cada a\u00f1o re\u00fane a los mejores toreros del momento en la Feria del Corpus Christi , uno de los eventos de la temporada que est\u00e1 en marcado en rojo en el calendario de los amantes del toreo. Tambi\u00e9n hay unos cuantos bares y restaurantes en el exterior de la plaza de toros donde se puede comer o tapear.<\/p>\n<h2 id=\"toc-2\">Residencia Sanitaria Virgen de las Nieves<\/h2>\n<p>Tumbaguito, con 341 kilos, fue el primer toro lidiado en la plaza de toros de Granada. La actual plaza de toros de Granada se inaugur\u00f3, como no pod\u00eda ser de otra forma, con una corrida de toros que se celebr\u00f3 el 30 de septiembre de 1928. As\u00ed, desde sus inicios, la plaza de toros de Granada fue conocida como la Monumental de Frascuelo. Precisamente por la influencia gallista, las trazas de la nueva plaza de toros de Granada hizo que r\u00e1pidamente se le llamara como su hom\u00f3nima hispalense, Monumental. As\u00ed, la intenci\u00f3n es que la nueva plaza de toros de Granada fuera m\u00e1s grande que la anterior y as\u00ed poder abaratar el precio de las entradas. La plaza de toros de Granada se ha convertido un referente dentro de la tauromaquia, si bien no es la primera ni la \u00fanica plaza que tuvo la capital nazar\u00ed.<\/p>\n<h3 id=\"toc-3\">Fiestas<\/h3>\n<p>Se trata de una zona muy animada de la ciudad, donde el tapeo es tambi\u00e9n protagonista, sobre todo alrededor de la plaza de toros. Con un aforo estimado de 9.000 personas por concierto, este evento se consolida como una de las principales citas culturales del a\u00f1o en Andaluc\u00eda, con la posibilidad de ampliar el cartel a nuevas propuestas que actualmente se est\u00e1n valorando. El calendario de actuaciones para este gran evento ya est\u00e1 confirmado e incluye a artistas de renombre como son JC Reyes el 25 de abril, Maka el 16 de mayo, Manuel Carrasco los d\u00edas 23 y 24 de mayo, Cano el 25 de mayo, Myke Towers el 1 de junio, Amaral el 12 de julio, la Orquesta Ciudad de Granada el 5 de septiembre, Pecos el 19 de septiembre, Antonio Orozco el 20 de septiembre, Joaqu\u00edn Sabina los d\u00edas 25 y 27 de septiembre, y Leiva el 2 de octubre. Adem\u00e1s, el diputado ha resaltado que &quot;hemos vuelto a participar en esta temporada de conciertos porque as\u00ed contribuimos al posicionamiento de Granada como un referente gastron\u00f3mico y musical. Estamos generando un impacto en la provincia a nivel socioecon\u00f3mico y generando empleo, a la vez que lo convertimos en una oportunidad excelente para la promoci\u00f3n de la gastronom\u00eda granadina, dando a conocer nuestros productos agroalimentarios&quot;.<\/p>\n<p>Para ese entonces, <a href=\"https:\/\/plazadetorosdegranada.es\/\">toros en granada corpus<\/a> como demuestran las fotograf\u00edas conservadas, se hallaba levantada buena parte de los tendidos de sombra y terminada la meseta de toriles.cita requerida Para el proyecto, la empresa realiz\u00f3 el encargo al arquitecto local \u00c1ngel Casas V\u00edlchez, quien bas\u00f3 su trabajo en un proyecto del mismo autor realizado en 1912; y para el que se inicia un concurso para la adjudicaci\u00f3n de las obras el 3 de julio de 1927. Seg\u00fan el trabajo de Anguita Castillo, la idea de la construcci\u00f3n de una nueva plaza parte del torero Jos\u00e9 Moreno \u00abLagartijillo Chico\u00bb quien, ante una disputa en la licitaci\u00f3n del arrendamiento de la plaza de toros del Triunfo, decide impulsar una plaza monumental. El 10 de septiembre de 1876 ten\u00eda lugar un incendio en esta plaza de toros, arruin\u00e1ndola por completo. De esta manera, se realizaban ocho corridas de toros cada a\u00f1o y, en verano de 1788, sustituy\u00f3 estos festejos por la celebraci\u00f3n de treinta novilladas. En 1763, la Real Maestranza de Caballer\u00eda de Granada propuso la idea de iniciar la construcci\u00f3n de la primera plaza de toros fija de la ciudad.<\/p>\n<ul>\n<li>Con este cartel, la plaza de toros de Granada acoger\u00e1 un total de cuatro tardes de \u00abla fiesta m\u00e1s culta del mundo\u00bb, tal y como dijo el poeta granadino Federico Garc\u00eda Lorca.<\/li>\n<li>Un a\u00f1o m\u00e1s, Sabor Granada, marca impulsada por la Diputaci\u00f3n Provincial, da nombre a la temporada como naming partner principal, reforzando el v\u00ednculo entre la programaci\u00f3n cultural del recinto y la identidad, el territorio y el producto local granadino.<\/li>\n<li>Y desde Servitoro ponemos a tu disposici\u00f3n las entradas de toros para la Feria del Corpus Christi de Granada, para que puedas ver a tus toreros favoritos en directo y disfrutes al m\u00e1ximo de esta fiesta tan esperada.<\/li>\n<li>En Servitoro te lo ponemos f\u00e1cil para comprar entradas para la plaza de toros de Granada, pudiendo realizar la reserva de forma anticipada, para as\u00ed asegurarte tu presencia en la plaza en uno de los eventos de la temporada m\u00e1s importantes del calendario para los amantes del toreo.<\/li>\n<li>La arena se inaugur\u00f3 en 1927 y actualmente se utiliza para espect\u00e1culos p\u00fablicos y corridas de toros.<\/li>\n<\/ul>\n<p>En el a\u00f1o 2005 se descubrieron los restos de una plaza de toros del siglo XVIII bajo la c\u00e9ntrica avenida de la Constituci\u00f3n. Aunque no hay una fecha precisa de la primera plaza taurina de Granada, los primeros datos se remontan a una construida a finales del siglo XVIII, que perdur\u00f3 hasta 1876. El concejal de Cultura, Juan Ram\u00f3n Ferreira, ha destacado la elecci\u00f3n de un espacio tan emblem\u00e1tico como el coso granadino. El diputado de Desarrollo, Antonio D\u00edaz, ha destacado la repercusi\u00f3n que tiene para la marca Sabor Granada en este proyecto, \u00abtal y como ya pudimos comprobar en la edici\u00f3n de 2024\u00bb. De esos 12,2 millones de euros, Provenue calcula que el treinta y siete por ciento debe imputarse a la actividad generada en la Plaza de Toros, \u00ablo que confirma su papel como motor cultural y de desarrollo\u00bb.<\/p>\n<p>La arena se inaugur\u00f3 en 1927 y actualmente se utiliza para espect\u00e1culos p\u00fablicos y corridas de toros. Otra cuesti\u00f3n que a veces ha desatado la pol\u00e9mica es la revalorizaci\u00f3n del solado cl\u00e1sico (adoqu\u00edn) frente al suelo vegetal de los espacios ajardinados o al asfalto de los viales, en un concepto que ha recibido el nombre de plaza dura (Plaza de Dal\u00ed, en Madrid, Plaza de las Arenas y parque de Joan Mir\u00f3, en Barcelona). Conformaron el modelo que fue exportado a las ciudades coloniales como Plaza de Armas (las de ese nombre de Santiago de Chile, de La Habana&#8230; la Plaza de Mayo de Buenos Aires, la Plaza de Bol\u00edvar de Bogot\u00e1, el citado Z\u00f3calo de M\u00e9xico&#8230;). El crecimiento de los edificios que las rodean producen su cierre con arcos y soportales (Plaza Mayor de Valladolid, Plaza Mayor de Madrid, Plaza Mayor de Salamanca&#8230;). Desarroll\u00e1ndose end\u00f3genamente, las civilizaciones precolombinas de Am\u00e9rica tambi\u00e9n experimentaron conceptos semejantes, destacando las explanadas ante los templos mesoamericanos, como la de Tenochtitl\u00e1n que est\u00e1 en el origen del Z\u00f3calo (espacio que fue agrandado por el derribo de edificios tras la conquista espa\u00f1ola). Ocupando casi siempre un vac\u00edo irregular del tejido, contenida por el agrupamiento estrecho de los edificios y alimentada por un grupo de calles radiales, alberg\u00f3 una vida intensa y permanente.<\/p>\n","protected":false},"excerpt":{"rendered":"<p>Content Elementos culturales y simb\u00f3licos Ficha de la plaza de toros de Granada Residencia Sanitaria Virgen de las Nieves Corridas y fiestas taurinas Fue construida por el arquitecto \u00c1ngel Casas en un estilo neomud\u00e9jar con arcos de medio punto y de herradura. La plaza de toros de Granada es conocida como la Monumental del Frascuelo, [&hellip;]<\/p>\n","protected":false},"author":1,"featured_media":0,"comment_status":"open","ping_status":"open","sticky":false,"template":"","format":"standard","meta":{"_et_pb_use_builder":"","_et_pb_old_content":"","_et_gb_content_width":"","_joinchat":[],"footnotes":""},"categories":[15],"tags":[],"class_list":["post-119490","post","type-post","status-publish","format-standard","hentry","category-casino"],"_links":{"self":[{"href":"https:\/\/moneyja.com.br\/index.php?rest_route=\/wp\/v2\/posts\/119490","targetHints":{"allow":["GET"]}}],"collection":[{"href":"https:\/\/moneyja.com.br\/index.php?rest_route=\/wp\/v2\/posts"}],"about":[{"href":"https:\/\/moneyja.com.br\/index.php?rest_route=\/wp\/v2\/types\/post"}],"author":[{"embeddable":true,"href":"https:\/\/moneyja.com.br\/index.php?rest_route=\/wp\/v2\/users\/1"}],"replies":[{"embeddable":true,"href":"https:\/\/moneyja.com.br\/index.php?rest_route=%2Fwp%2Fv2%2Fcomments&post=119490"}],"version-history":[{"count":1,"href":"https:\/\/moneyja.com.br\/index.php?rest_route=\/wp\/v2\/posts\/119490\/revisions"}],"predecessor-version":[{"id":119491,"href":"https:\/\/moneyja.com.br\/index.php?rest_route=\/wp\/v2\/posts\/119490\/revisions\/119491"}],"wp:attachment":[{"href":"https:\/\/moneyja.com.br\/index.php?rest_route=%2Fwp%2Fv2%2Fmedia&parent=119490"}],"wp:term":[{"taxonomy":"category","embeddable":true,"href":"https:\/\/moneyja.com.br\/index.php?rest_route=%2Fwp%2Fv2%2Fcategories&post=119490"},{"taxonomy":"post_tag","embeddable":true,"href":"https:\/\/moneyja.com.br\/index.php?rest_route=%2Fwp%2Fv2%2Ftags&post=119490"}],"curies":[{"name":"wp","href":"https:\/\/api.w.org\/{rel}","templated":true}]}}